{"id":2247,"date":"2024-07-02T10:21:43","date_gmt":"2024-07-02T10:21:43","guid":{"rendered":"https:\/\/wandern-auf-la-palma.de\/?p=2247"},"modified":"2025-11-05T09:50:57","modified_gmt":"2025-11-05T09:50:57","slug":"tijarafe-zum-mirador-el-time","status":"publish","type":"post","link":"https:\/\/wandern-auf-la-palma.de\/de\/tijarafe-zum-mirador-el-time\/","title":{"rendered":"Von Tijarafe zum Mirador El Time"},"content":{"rendered":"\n<div class=\"wp-block-uagb-container uagb-block-3668587f alignfull uagb-is-root-container\"><div class=\"uagb-container-inner-blocks-wrap\">\n<div class=\"wp-block-uagb-container uagb-block-bc0235cd\">\n<div class=\"wp-block-uagb-image uagb-block-2842592c wp-block-uagb-image--layout-default wp-block-uagb-image--effect-static wp-block-uagb-image--align-none\"><figure class=\"wp-block-uagb-image__figure\"><img decoding=\"async\" srcset=\"https:\/\/wandern-auf-la-palma.de\/wp-content\/uploads\/tijarafe-el_time-6.webp ,https:\/\/wandern-auf-la-palma.de\/wp-content\/uploads\/tijarafe-el_time-6.webp 780w, https:\/\/wandern-auf-la-palma.de\/wp-content\/uploads\/tijarafe-el_time-6.webp 360w\" sizes=\"auto, (max-width: 480px) 150px\" src=\"https:\/\/wandern-auf-la-palma.de\/wp-content\/uploads\/tijarafe-el_time-6.webp\" alt=\"\" class=\"uag-image-2248\" width=\"1024\" height=\"768\" title=\"tijarafe-el_time-6\" loading=\"lazy\" role=\"img\"\/><\/figure><\/div>\n<\/div>\n\n\n\n<div class=\"wp-block-uagb-container uagb-block-9a836e84\">\n<p>Wir wandern in einer der sch\u00f6nsten Gegenden La Palmas. Gemeinsam genie\u00dfen wir den spektakul\u00e4ren Ausblick \u00fcber atemberaubende Landschaften und K\u00fcsten. Eine leichte Tour, die sich auch f\u00fcr unge\u00fcbte Wanderer eignet und aufgrund ihrer abwechslungsreichen Landschaftsbilder \u00e4u\u00dferst interessant ist. Von Tijarafe den Camino Real geht es auf alten Wegen \u00fcber den einzigartigen Nashornberg zum Mirador el Time, einer steilen Felswand mit sehenswertem Panorama. Ab hier erfolg anschlie\u00dfend wahlweise der 600m Abstieg \u00fcber den Serpentinenweg oder die Fahrt mit dem Auto nach Puerto de Tazacorte.<\/p>\n<p><strong>Wanderzeit: 3,5 h | + 130m \/ \u2011400m | ca. 8km (mittelschwer)<\/strong><\/p>\n<p>Bitte bei Buchung gew\u00fcnschten Abholort angeben: <br \/><span style=\"font-size: revert;\">9:00 Puerto Naos: Hotel Sol (an der Hauptstra\u00dfe<\/span>)<br \/>9:15 Los Llanos: Busbahnhof<\/p>\n\n\n<\/div>\n<\/div><\/div>\n","protected":false},"excerpt":{"rendered":"<p>Wir wandern in einer der sch\u00f6nsten Gegenden La Palmas. Gemeinsam genie\u00dfen wir den spektakul\u00e4ren Ausblick \u00fcber atemberaubende Landschaften und K\u00fcsten. Eine leichte Tour, die sich auch f\u00fcr unge\u00fcbte Wanderer eignet und aufgrund ihrer abwechslungsreichen Landschaftsbilder \u00e4u\u00dferst interessant ist. Von Tijarafe den Camino Real geht es auf alten Wegen \u00fcber den einzigartigen Nashornberg zum Mirador el Time, einer steilen Felswand mit sehenswertem Panorama. Ab hier erfolg anschlie\u00dfend wahlweise der 600m Abstieg \u00fcber den Serpentinenweg oder die Fahrt mit dem Auto nach [&hellip;]<\/p>\n","protected":false},"author":2,"featured_media":2248,"comment_status":"closed","ping_status":"closed","sticky":false,"template":"","format":"standard","meta":{"_acf_changed":false,"_uag_custom_page_level_css":"","site-sidebar-layout":"default","site-content-layout":"","ast-site-content-layout":"default","site-content-style":"default","site-sidebar-style":"default","ast-global-header-display":"","ast-banner-title-visibility":"","ast-main-header-display":"","ast-hfb-above-header-display":"","ast-hfb-below-header-display":"","ast-hfb-mobile-header-display":"","site-post-title":"","ast-breadcrumbs-content":"","ast-featured-img":"","footer-sml-layout":"","ast-disable-related-posts":"","theme-transparent-header-meta":"","adv-header-id-meta":"","stick-header-meta":"","header-above-stick-meta":"","header-main-stick-meta":"","header-below-stick-meta":"","astra-migrate-meta-layouts":"set","ast-page-background-enabled":"default","ast-page-background-meta":{"desktop":{"background-color":"var(--ast-global-color-4)","background-image":"","background-repeat":"repeat","background-position":"center center","background-size":"auto","background-attachment":"scroll","background-type":"","background-media":"","overlay-type":"","overlay-color":"","overlay-opacity":"","overlay-gradient":""},"tablet":{"background-color":"","background-image":"","background-repeat":"repeat","background-position":"center center","background-size":"auto","background-attachment":"scroll","background-type":"","background-media":"","overlay-type":"","overlay-color":"","overlay-opacity":"","overlay-gradient":""},"mobile":{"background-color":"","background-image":"","background-repeat":"repeat","background-position":"center center","background-size":"auto","background-attachment":"scroll","background-type":"","background-media":"","overlay-type":"","overlay-color":"","overlay-opacity":"","overlay-gradient":""}},"ast-content-background-meta":{"desktop":{"background-color":"var(--ast-global-color-5)","background-image":"","background-repeat":"repeat","background-position":"center center","background-size":"auto","background-attachment":"scroll","background-type":"","background-media":"","overlay-type":"","overlay-color":"","overlay-opacity":"","overlay-gradient":""},"tablet":{"background-color":"var(--ast-global-color-5)","background-image":"","background-repeat":"repeat","background-position":"center center","background-size":"auto","background-attachment":"scroll","background-type":"","background-media":"","overlay-type":"","overlay-color":"","overlay-opacity":"","overlay-gradient":""},"mobile":{"background-color":"var(--ast-global-color-5)","background-image":"","background-repeat":"repeat","background-position":"center center","background-size":"auto","background-attachment":"scroll","background-type":"","background-media":"","overlay-type":"","overlay-color":"","overlay-opacity":"","overlay-gradient":""}},"footnotes":""},"categories":[77],"tags":[],"class_list":["post-2247","post","type-post","status-publish","format-standard","has-post-thumbnail","hentry","category-gruppenwanderungen-la-palma"],"acf":[],"yoast_head":"<!-- This site is optimized with the Yoast SEO plugin v27.4 - https:\/\/yoast.com\/product\/yoast-seo-wordpress\/ -->\n<title>Von Tijarafe zum Mirador El Time - Graja Tours - La Palma Staatlich zertifizierte Wanderf\u00fchrerin f\u00fcr die Kanarischen Inseln - Wanderungen auf La Palma<\/title>\n<meta name=\"robots\" content=\"index, follow, max-snippet:-1, max-image-preview:large, max-video-preview:-1\" \/>\n<link rel=\"canonical\" href=\"https:\/\/wandern-auf-la-palma.de\/de\/tijarafe-zum-mirador-el-time\/\" \/>\n<meta property=\"og:locale\" content=\"de_DE\" \/>\n<meta property=\"og:type\" content=\"article\" \/>\n<meta property=\"og:title\" content=\"Von Tijarafe zum Mirador El Time - Graja Tours - La Palma Staatlich zertifizierte Wanderf\u00fchrerin f\u00fcr die Kanarischen Inseln - Wanderungen auf La Palma\" \/>\n<meta property=\"og:description\" content=\"Wir wandern in einer der sch\u00f6nsten Gegenden La Palmas. Gemeinsam genie\u00dfen wir den spektakul\u00e4ren Ausblick \u00fcber atemberaubende Landschaften und K\u00fcsten. Eine leichte Tour, die sich auch f\u00fcr unge\u00fcbte Wanderer eignet und aufgrund ihrer abwechslungsreichen Landschaftsbilder \u00e4u\u00dferst interessant ist. Von Tijarafe den Camino Real geht es auf alten Wegen \u00fcber den einzigartigen Nashornberg zum Mirador el Time, einer steilen Felswand mit sehenswertem Panorama. Ab hier erfolg anschlie\u00dfend wahlweise der 600m Abstieg \u00fcber den Serpentinenweg oder die Fahrt mit dem Auto nach [&hellip;]\" \/>\n<meta property=\"og:url\" content=\"https:\/\/wandern-auf-la-palma.de\/de\/tijarafe-zum-mirador-el-time\/\" \/>\n<meta property=\"og:site_name\" content=\"Graja Tours - La Palma Staatlich zertifizierte Wanderf\u00fchrerin f\u00fcr die Kanarischen Inseln - Wanderungen auf La Palma\" \/>\n<meta property=\"article:publisher\" content=\"https:\/\/www.facebook.com\/grajatourslapalma\" \/>\n<meta property=\"article:published_time\" content=\"2024-07-02T10:21:43+00:00\" \/>\n<meta property=\"article:modified_time\" content=\"2025-11-05T09:50:57+00:00\" \/>\n<meta property=\"og:image\" content=\"https:\/\/wandern-auf-la-palma.de\/wp-content\/uploads\/tijarafe-el_time-6.webp\" \/>\n\t<meta property=\"og:image:width\" content=\"1024\" \/>\n\t<meta property=\"og:image:height\" content=\"768\" \/>\n\t<meta property=\"og:image:type\" content=\"image\/webp\" \/>\n<meta name=\"author\" content=\"itlapalma\" \/>\n<meta name=\"twitter:card\" content=\"summary_large_image\" \/>\n<meta name=\"twitter:label1\" content=\"Verfasst von\" \/>\n\t<meta name=\"twitter:data1\" content=\"itlapalma\" \/>\n\t<meta name=\"twitter:label2\" content=\"Gesch\u00e4tzte Lesezeit\" \/>\n\t<meta name=\"twitter:data2\" content=\"2\u00a0Minuten\" \/>\n<script type=\"application\/ld+json\" class=\"yoast-schema-graph\">{\"@context\":\"https:\\\/\\\/schema.org\",\"@graph\":[{\"@type\":\"Article\",\"@id\":\"https:\\\/\\\/wandern-auf-la-palma.de\\\/de\\\/tijarafe-zum-mirador-el-time\\\/#article\",\"isPartOf\":{\"@id\":\"https:\\\/\\\/wandern-auf-la-palma.de\\\/de\\\/tijarafe-zum-mirador-el-time\\\/\"},\"author\":{\"name\":\"itlapalma\",\"@id\":\"https:\\\/\\\/wandern-auf-la-palma.de\\\/de\\\/#\\\/schema\\\/person\\\/a8dabeb7a25e554bea65a6018b2f497c\"},\"headline\":\"Von Tijarafe zum Mirador El Time\",\"datePublished\":\"2024-07-02T10:21:43+00:00\",\"dateModified\":\"2025-11-05T09:50:57+00:00\",\"mainEntityOfPage\":{\"@id\":\"https:\\\/\\\/wandern-auf-la-palma.de\\\/de\\\/tijarafe-zum-mirador-el-time\\\/\"},\"wordCount\":122,\"publisher\":{\"@id\":\"https:\\\/\\\/wandern-auf-la-palma.de\\\/de\\\/#organization\"},\"image\":{\"@id\":\"https:\\\/\\\/wandern-auf-la-palma.de\\\/de\\\/tijarafe-zum-mirador-el-time\\\/#primaryimage\"},\"thumbnailUrl\":\"https:\\\/\\\/wandern-auf-la-palma.de\\\/wp-content\\\/uploads\\\/tijarafe-el_time-6.webp\",\"articleSection\":[\"Gruppenwanderungen La Palma\"],\"inLanguage\":\"de\"},{\"@type\":\"WebPage\",\"@id\":\"https:\\\/\\\/wandern-auf-la-palma.de\\\/de\\\/tijarafe-zum-mirador-el-time\\\/\",\"url\":\"https:\\\/\\\/wandern-auf-la-palma.de\\\/de\\\/tijarafe-zum-mirador-el-time\\\/\",\"name\":\"Von Tijarafe zum Mirador El Time - Graja Tours - La Palma Staatlich zertifizierte Wanderf\u00fchrerin f\u00fcr die Kanarischen Inseln - Wanderungen auf La Palma\",\"isPartOf\":{\"@id\":\"https:\\\/\\\/wandern-auf-la-palma.de\\\/de\\\/#website\"},\"primaryImageOfPage\":{\"@id\":\"https:\\\/\\\/wandern-auf-la-palma.de\\\/de\\\/tijarafe-zum-mirador-el-time\\\/#primaryimage\"},\"image\":{\"@id\":\"https:\\\/\\\/wandern-auf-la-palma.de\\\/de\\\/tijarafe-zum-mirador-el-time\\\/#primaryimage\"},\"thumbnailUrl\":\"https:\\\/\\\/wandern-auf-la-palma.de\\\/wp-content\\\/uploads\\\/tijarafe-el_time-6.webp\",\"datePublished\":\"2024-07-02T10:21:43+00:00\",\"dateModified\":\"2025-11-05T09:50:57+00:00\",\"breadcrumb\":{\"@id\":\"https:\\\/\\\/wandern-auf-la-palma.de\\\/de\\\/tijarafe-zum-mirador-el-time\\\/#breadcrumb\"},\"inLanguage\":\"de\",\"potentialAction\":[{\"@type\":\"ReadAction\",\"target\":[\"https:\\\/\\\/wandern-auf-la-palma.de\\\/de\\\/tijarafe-zum-mirador-el-time\\\/\"]}]},{\"@type\":\"ImageObject\",\"inLanguage\":\"de\",\"@id\":\"https:\\\/\\\/wandern-auf-la-palma.de\\\/de\\\/tijarafe-zum-mirador-el-time\\\/#primaryimage\",\"url\":\"https:\\\/\\\/wandern-auf-la-palma.de\\\/wp-content\\\/uploads\\\/tijarafe-el_time-6.webp\",\"contentUrl\":\"https:\\\/\\\/wandern-auf-la-palma.de\\\/wp-content\\\/uploads\\\/tijarafe-el_time-6.webp\",\"width\":1024,\"height\":768},{\"@type\":\"BreadcrumbList\",\"@id\":\"https:\\\/\\\/wandern-auf-la-palma.de\\\/de\\\/tijarafe-zum-mirador-el-time\\\/#breadcrumb\",\"itemListElement\":[{\"@type\":\"ListItem\",\"position\":1,\"name\":\"Home\",\"item\":\"https:\\\/\\\/wandern-auf-la-palma.de\\\/de\\\/\"},{\"@type\":\"ListItem\",\"position\":2,\"name\":\"Von Tijarafe zum Mirador El Time\"}]},{\"@type\":\"WebSite\",\"@id\":\"https:\\\/\\\/wandern-auf-la-palma.de\\\/de\\\/#website\",\"url\":\"https:\\\/\\\/wandern-auf-la-palma.de\\\/de\\\/\",\"name\":\"Graja Tours - La Palma Staatlich zertifizierte Wanderf\u00fchrerin f\u00fcr die Kanarischen Inseln - Aktuelle Wanderwege auf La Palma\",\"description\":\"home\",\"publisher\":{\"@id\":\"https:\\\/\\\/wandern-auf-la-palma.de\\\/de\\\/#organization\"},\"potentialAction\":[{\"@type\":\"SearchAction\",\"target\":{\"@type\":\"EntryPoint\",\"urlTemplate\":\"https:\\\/\\\/wandern-auf-la-palma.de\\\/de\\\/?s={search_term_string}\"},\"query-input\":{\"@type\":\"PropertyValueSpecification\",\"valueRequired\":true,\"valueName\":\"search_term_string\"}}],\"inLanguage\":\"de\"},{\"@type\":\"Organization\",\"@id\":\"https:\\\/\\\/wandern-auf-la-palma.de\\\/de\\\/#organization\",\"name\":\"Graja Tours - La Palma Staatlich zertifizierte Wanderf\u00fchrerin f\u00fcr die Kanarischen Inseln - Aktuelle Wanderwege auf La Palma\",\"url\":\"https:\\\/\\\/wandern-auf-la-palma.de\\\/de\\\/\",\"logo\":{\"@type\":\"ImageObject\",\"inLanguage\":\"de\",\"@id\":\"https:\\\/\\\/wandern-auf-la-palma.de\\\/de\\\/#\\\/schema\\\/logo\\\/image\\\/\",\"url\":\"https:\\\/\\\/wandern-auf-la-palma.de\\\/wp-content\\\/uploads\\\/Logo-GrajaTours2022.webp\",\"contentUrl\":\"https:\\\/\\\/wandern-auf-la-palma.de\\\/wp-content\\\/uploads\\\/Logo-GrajaTours2022.webp\",\"width\":300,\"height\":136,\"caption\":\"Graja Tours - La Palma Staatlich zertifizierte Wanderf\u00fchrerin f\u00fcr die Kanarischen Inseln - Aktuelle Wanderwege auf La Palma\"},\"image\":{\"@id\":\"https:\\\/\\\/wandern-auf-la-palma.de\\\/de\\\/#\\\/schema\\\/logo\\\/image\\\/\"},\"sameAs\":[\"https:\\\/\\\/www.facebook.com\\\/grajatourslapalma\"]},{\"@type\":\"Person\",\"@id\":\"https:\\\/\\\/wandern-auf-la-palma.de\\\/de\\\/#\\\/schema\\\/person\\\/a8dabeb7a25e554bea65a6018b2f497c\",\"name\":\"itlapalma\",\"image\":{\"@type\":\"ImageObject\",\"inLanguage\":\"de\",\"@id\":\"https:\\\/\\\/secure.gravatar.com\\\/avatar\\\/7fe33e0cb47f9a6c11c988180a74fbe8470fb9e0584de17d318bbb1a11c8ca14?s=96&d=mm&r=g\",\"url\":\"https:\\\/\\\/secure.gravatar.com\\\/avatar\\\/7fe33e0cb47f9a6c11c988180a74fbe8470fb9e0584de17d318bbb1a11c8ca14?s=96&d=mm&r=g\",\"contentUrl\":\"https:\\\/\\\/secure.gravatar.com\\\/avatar\\\/7fe33e0cb47f9a6c11c988180a74fbe8470fb9e0584de17d318bbb1a11c8ca14?s=96&d=mm&r=g\",\"caption\":\"itlapalma\"},\"sameAs\":[\"http:\\\/\\\/www.itlapalma.com\"]}]}<\/script>\n<!-- \/ Yoast SEO plugin. -->","yoast_head_json":{"title":"Von Tijarafe zum Mirador El Time - Graja Tours - La Palma Staatlich zertifizierte Wanderf\u00fchrerin f\u00fcr die Kanarischen Inseln - Wanderungen auf La Palma","robots":{"index":"index","follow":"follow","max-snippet":"max-snippet:-1","max-image-preview":"max-image-preview:large","max-video-preview":"max-video-preview:-1"},"canonical":"https:\/\/wandern-auf-la-palma.de\/de\/tijarafe-zum-mirador-el-time\/","og_locale":"de_DE","og_type":"article","og_title":"Von Tijarafe zum Mirador El Time - Graja Tours - La Palma Staatlich zertifizierte Wanderf\u00fchrerin f\u00fcr die Kanarischen Inseln - Wanderungen auf La Palma","og_description":"Wir wandern in einer der sch\u00f6nsten Gegenden La Palmas. Gemeinsam genie\u00dfen wir den spektakul\u00e4ren Ausblick \u00fcber atemberaubende Landschaften und K\u00fcsten. Eine leichte Tour, die sich auch f\u00fcr unge\u00fcbte Wanderer eignet und aufgrund ihrer abwechslungsreichen Landschaftsbilder \u00e4u\u00dferst interessant ist. Von Tijarafe den Camino Real geht es auf alten Wegen \u00fcber den einzigartigen Nashornberg zum Mirador el Time, einer steilen Felswand mit sehenswertem Panorama. Ab hier erfolg anschlie\u00dfend wahlweise der 600m Abstieg \u00fcber den Serpentinenweg oder die Fahrt mit dem Auto nach [&hellip;]","og_url":"https:\/\/wandern-auf-la-palma.de\/de\/tijarafe-zum-mirador-el-time\/","og_site_name":"Graja Tours - La Palma Staatlich zertifizierte Wanderf\u00fchrerin f\u00fcr die Kanarischen Inseln - Wanderungen auf La Palma","article_publisher":"https:\/\/www.facebook.com\/grajatourslapalma","article_published_time":"2024-07-02T10:21:43+00:00","article_modified_time":"2025-11-05T09:50:57+00:00","og_image":[{"width":1024,"height":768,"url":"https:\/\/wandern-auf-la-palma.de\/wp-content\/uploads\/tijarafe-el_time-6.webp","type":"image\/webp"}],"author":"itlapalma","twitter_card":"summary_large_image","twitter_misc":{"Verfasst von":"itlapalma","Gesch\u00e4tzte Lesezeit":"2\u00a0Minuten"},"schema":{"@context":"https:\/\/schema.org","@graph":[{"@type":"Article","@id":"https:\/\/wandern-auf-la-palma.de\/de\/tijarafe-zum-mirador-el-time\/#article","isPartOf":{"@id":"https:\/\/wandern-auf-la-palma.de\/de\/tijarafe-zum-mirador-el-time\/"},"author":{"name":"itlapalma","@id":"https:\/\/wandern-auf-la-palma.de\/de\/#\/schema\/person\/a8dabeb7a25e554bea65a6018b2f497c"},"headline":"Von Tijarafe zum Mirador El Time","datePublished":"2024-07-02T10:21:43+00:00","dateModified":"2025-11-05T09:50:57+00:00","mainEntityOfPage":{"@id":"https:\/\/wandern-auf-la-palma.de\/de\/tijarafe-zum-mirador-el-time\/"},"wordCount":122,"publisher":{"@id":"https:\/\/wandern-auf-la-palma.de\/de\/#organization"},"image":{"@id":"https:\/\/wandern-auf-la-palma.de\/de\/tijarafe-zum-mirador-el-time\/#primaryimage"},"thumbnailUrl":"https:\/\/wandern-auf-la-palma.de\/wp-content\/uploads\/tijarafe-el_time-6.webp","articleSection":["Gruppenwanderungen La Palma"],"inLanguage":"de"},{"@type":"WebPage","@id":"https:\/\/wandern-auf-la-palma.de\/de\/tijarafe-zum-mirador-el-time\/","url":"https:\/\/wandern-auf-la-palma.de\/de\/tijarafe-zum-mirador-el-time\/","name":"Von Tijarafe zum Mirador El Time - Graja Tours - La Palma Staatlich zertifizierte Wanderf\u00fchrerin f\u00fcr die Kanarischen Inseln - Wanderungen auf La Palma","isPartOf":{"@id":"https:\/\/wandern-auf-la-palma.de\/de\/#website"},"primaryImageOfPage":{"@id":"https:\/\/wandern-auf-la-palma.de\/de\/tijarafe-zum-mirador-el-time\/#primaryimage"},"image":{"@id":"https:\/\/wandern-auf-la-palma.de\/de\/tijarafe-zum-mirador-el-time\/#primaryimage"},"thumbnailUrl":"https:\/\/wandern-auf-la-palma.de\/wp-content\/uploads\/tijarafe-el_time-6.webp","datePublished":"2024-07-02T10:21:43+00:00","dateModified":"2025-11-05T09:50:57+00:00","breadcrumb":{"@id":"https:\/\/wandern-auf-la-palma.de\/de\/tijarafe-zum-mirador-el-time\/#breadcrumb"},"inLanguage":"de","potentialAction":[{"@type":"ReadAction","target":["https:\/\/wandern-auf-la-palma.de\/de\/tijarafe-zum-mirador-el-time\/"]}]},{"@type":"ImageObject","inLanguage":"de","@id":"https:\/\/wandern-auf-la-palma.de\/de\/tijarafe-zum-mirador-el-time\/#primaryimage","url":"https:\/\/wandern-auf-la-palma.de\/wp-content\/uploads\/tijarafe-el_time-6.webp","contentUrl":"https:\/\/wandern-auf-la-palma.de\/wp-content\/uploads\/tijarafe-el_time-6.webp","width":1024,"height":768},{"@type":"BreadcrumbList","@id":"https:\/\/wandern-auf-la-palma.de\/de\/tijarafe-zum-mirador-el-time\/#breadcrumb","itemListElement":[{"@type":"ListItem","position":1,"name":"Home","item":"https:\/\/wandern-auf-la-palma.de\/de\/"},{"@type":"ListItem","position":2,"name":"Von Tijarafe zum Mirador El Time"}]},{"@type":"WebSite","@id":"https:\/\/wandern-auf-la-palma.de\/de\/#website","url":"https:\/\/wandern-auf-la-palma.de\/de\/","name":"Graja Tours - La Palma Staatlich zertifizierte Wanderf\u00fchrerin f\u00fcr die Kanarischen Inseln - Aktuelle Wanderwege auf La Palma","description":"home","publisher":{"@id":"https:\/\/wandern-auf-la-palma.de\/de\/#organization"},"potentialAction":[{"@type":"SearchAction","target":{"@type":"EntryPoint","urlTemplate":"https:\/\/wandern-auf-la-palma.de\/de\/?s={search_term_string}"},"query-input":{"@type":"PropertyValueSpecification","valueRequired":true,"valueName":"search_term_string"}}],"inLanguage":"de"},{"@type":"Organization","@id":"https:\/\/wandern-auf-la-palma.de\/de\/#organization","name":"Graja Tours - La Palma Staatlich zertifizierte Wanderf\u00fchrerin f\u00fcr die Kanarischen Inseln - Aktuelle Wanderwege auf La Palma","url":"https:\/\/wandern-auf-la-palma.de\/de\/","logo":{"@type":"ImageObject","inLanguage":"de","@id":"https:\/\/wandern-auf-la-palma.de\/de\/#\/schema\/logo\/image\/","url":"https:\/\/wandern-auf-la-palma.de\/wp-content\/uploads\/Logo-GrajaTours2022.webp","contentUrl":"https:\/\/wandern-auf-la-palma.de\/wp-content\/uploads\/Logo-GrajaTours2022.webp","width":300,"height":136,"caption":"Graja Tours - La Palma Staatlich zertifizierte Wanderf\u00fchrerin f\u00fcr die Kanarischen Inseln - Aktuelle Wanderwege auf La Palma"},"image":{"@id":"https:\/\/wandern-auf-la-palma.de\/de\/#\/schema\/logo\/image\/"},"sameAs":["https:\/\/www.facebook.com\/grajatourslapalma"]},{"@type":"Person","@id":"https:\/\/wandern-auf-la-palma.de\/de\/#\/schema\/person\/a8dabeb7a25e554bea65a6018b2f497c","name":"itlapalma","image":{"@type":"ImageObject","inLanguage":"de","@id":"https:\/\/secure.gravatar.com\/avatar\/7fe33e0cb47f9a6c11c988180a74fbe8470fb9e0584de17d318bbb1a11c8ca14?s=96&d=mm&r=g","url":"https:\/\/secure.gravatar.com\/avatar\/7fe33e0cb47f9a6c11c988180a74fbe8470fb9e0584de17d318bbb1a11c8ca14?s=96&d=mm&r=g","contentUrl":"https:\/\/secure.gravatar.com\/avatar\/7fe33e0cb47f9a6c11c988180a74fbe8470fb9e0584de17d318bbb1a11c8ca14?s=96&d=mm&r=g","caption":"itlapalma"},"sameAs":["http:\/\/www.itlapalma.com"]}]}},"spectra_custom_meta":{"_edit_lock":["1762336266:3"],"_wpml_word_count":["137"],"_uag_custom_page_level_css":[""],"ast-site-content-layout":["default"],"site-post-title":[""],"theme-transparent-header-meta":[""],"adv-header-id-meta":[""],"stick-header-meta":[""],"astra-migrate-meta-layouts":["set"],"footnotes":[""],"_edit_last":["3"],"_wpml_media_duplicate":["1"],"_wpml_media_featured":["1"],"_yoast_wpseo_primary_category":["77"],"_yoast_wpseo_estimated-reading-time-minutes":["2"],"_yoast_wpseo_wordproof_timestamp":[""],"_wpml_location_migration_done":["1"],"ast-above-header-display":[null],"ast-below-header-display":[null],"footer-adv-display":[null],"_thumbnail_id":["2248"],"_yoast_wpseo_content_score":["90"],"_uag_migration_processed":["1"],"_uagb_previous_block_counts":["a:90:{s:21:\"uagb\/advanced-heading\";i:0;s:15:\"uagb\/blockquote\";i:0;s:12:\"uagb\/buttons\";i:0;s:18:\"uagb\/buttons-child\";i:0;s:19:\"uagb\/call-to-action\";i:0;s:15:\"uagb\/cf7-styler\";i:0;s:11:\"uagb\/column\";i:0;s:12:\"uagb\/columns\";i:0;s:14:\"uagb\/container\";i:3;s:21:\"uagb\/content-timeline\";i:0;s:27:\"uagb\/content-timeline-child\";i:0;s:14:\"uagb\/countdown\";i:0;s:12:\"uagb\/counter\";i:0;s:8:\"uagb\/faq\";i:0;s:14:\"uagb\/faq-child\";i:0;s:10:\"uagb\/forms\";i:0;s:17:\"uagb\/forms-accept\";i:0;s:19:\"uagb\/forms-checkbox\";i:0;s:15:\"uagb\/forms-date\";i:0;s:16:\"uagb\/forms-email\";i:0;s:17:\"uagb\/forms-hidden\";i:0;s:15:\"uagb\/forms-name\";i:0;s:16:\"uagb\/forms-phone\";i:0;s:16:\"uagb\/forms-radio\";i:0;s:17:\"uagb\/forms-select\";i:0;s:19:\"uagb\/forms-textarea\";i:0;s:17:\"uagb\/forms-toggle\";i:0;s:14:\"uagb\/forms-url\";i:0;s:14:\"uagb\/gf-styler\";i:0;s:15:\"uagb\/google-map\";i:0;s:11:\"uagb\/how-to\";i:0;s:16:\"uagb\/how-to-step\";i:0;s:9:\"uagb\/icon\";i:0;s:14:\"uagb\/icon-list\";i:0;s:20:\"uagb\/icon-list-child\";i:0;s:10:\"uagb\/image\";i:1;s:18:\"uagb\/image-gallery\";i:0;s:13:\"uagb\/info-box\";i:0;s:18:\"uagb\/inline-notice\";i:0;s:11:\"uagb\/lottie\";i:0;s:21:\"uagb\/marketing-button\";i:0;s:10:\"uagb\/modal\";i:0;s:18:\"uagb\/popup-builder\";i:0;s:16:\"uagb\/post-button\";i:0;s:18:\"uagb\/post-carousel\";i:0;s:17:\"uagb\/post-excerpt\";i:0;s:14:\"uagb\/post-grid\";i:0;s:15:\"uagb\/post-image\";i:0;s:17:\"uagb\/post-masonry\";i:0;s:14:\"uagb\/post-meta\";i:0;s:18:\"uagb\/post-taxonomy\";i:0;s:18:\"uagb\/post-timeline\";i:0;s:15:\"uagb\/post-title\";i:0;s:20:\"uagb\/restaurant-menu\";i:0;s:26:\"uagb\/restaurant-menu-child\";i:0;s:11:\"uagb\/review\";i:0;s:12:\"uagb\/section\";i:0;s:14:\"uagb\/separator\";i:0;s:11:\"uagb\/slider\";i:0;s:17:\"uagb\/slider-child\";i:0;s:17:\"uagb\/social-share\";i:0;s:23:\"uagb\/social-share-child\";i:0;s:16:\"uagb\/star-rating\";i:0;s:23:\"uagb\/sure-cart-checkout\";i:0;s:22:\"uagb\/sure-cart-product\";i:0;s:15:\"uagb\/sure-forms\";i:0;s:22:\"uagb\/table-of-contents\";i:0;s:9:\"uagb\/tabs\";i:0;s:15:\"uagb\/tabs-child\";i:0;s:18:\"uagb\/taxonomy-list\";i:0;s:9:\"uagb\/team\";i:0;s:16:\"uagb\/testimonial\";i:0;s:14:\"uagb\/wp-search\";i:0;s:19:\"uagb\/instagram-feed\";i:0;s:10:\"uagb\/login\";i:0;s:17:\"uagb\/loop-builder\";i:0;s:18:\"uagb\/loop-category\";i:0;s:20:\"uagb\/loop-pagination\";i:0;s:15:\"uagb\/loop-reset\";i:0;s:16:\"uagb\/loop-search\";i:0;s:14:\"uagb\/loop-sort\";i:0;s:17:\"uagb\/loop-wrapper\";i:0;s:13:\"uagb\/register\";i:0;s:19:\"uagb\/register-email\";i:0;s:24:\"uagb\/register-first-name\";i:0;s:23:\"uagb\/register-last-name\";i:0;s:22:\"uagb\/register-password\";i:0;s:30:\"uagb\/register-reenter-password\";i:0;s:19:\"uagb\/register-terms\";i:0;s:22:\"uagb\/register-username\";i:0;}"],"_uagb_last_spectra_edit":["1777266037"],"_uag_page_assets":["a:9:{s:3:\"css\";s:9472:\".wp-block-uagb-container.uagb-block-3668587f .uagb-container__shape-top svg{width: calc( 100% + 1.3px );}.wp-block-uagb-container.uagb-block-3668587f .uagb-container__shape.uagb-container__shape-top .uagb-container__shape-fill{fill: rgba(51,51,51,1);}.wp-block-uagb-container.uagb-block-3668587f .uagb-container__shape-bottom svg{width: calc( 100% + 1.3px );}.wp-block-uagb-container.uagb-block-3668587f .uagb-container__shape.uagb-container__shape-bottom .uagb-container__shape-fill{fill: rgba(51,51,51,1);}.wp-block-uagb-container.uagb-block-3668587f .uagb-container__video-wrap video{opacity: 1;}.wp-block-uagb-container.uagb-is-root-container .uagb-block-3668587f{max-width: 100%;width: 100%;}.wp-block-uagb-container.uagb-is-root-container.alignfull.uagb-block-3668587f > .uagb-container-inner-blocks-wrap{--inner-content-custom-width: min( 100%, 1100px);max-width: var(--inner-content-custom-width);width: 100%;flex-direction: row;align-items: flex-start;justify-content: flex-start;flex-wrap: nowrap;row-gap: 0px;column-gap: 0px;}.wp-block-uagb-container.uagb-block-3668587f{box-shadow: 0px 0px   #00000070 ;padding-top: 0px;padding-bottom: 0px;padding-left: 0px;padding-right: 0px;margin-top:  !important;margin-bottom:  !important;overflow: visible;order: initial;border-color: inherit;row-gap: 0px;column-gap: 0px;}.wp-block-uagb-container.uagb-block-bc0235cd .uagb-container__shape-top svg{width: calc( 100% + 1.3px );}.wp-block-uagb-container.uagb-block-bc0235cd .uagb-container__shape.uagb-container__shape-top .uagb-container__shape-fill{fill: rgba(51,51,51,1);}.wp-block-uagb-container.uagb-block-bc0235cd .uagb-container__shape-bottom svg{width: calc( 100% + 1.3px );}.wp-block-uagb-container.uagb-block-bc0235cd .uagb-container__shape.uagb-container__shape-bottom .uagb-container__shape-fill{fill: rgba(51,51,51,1);}.wp-block-uagb-container.uagb-block-bc0235cd .uagb-container__video-wrap video{opacity: 1;}.wp-block-uagb-container.uagb-is-root-container .uagb-block-bc0235cd{max-width: 50%;width: 100%;}.wp-block-uagb-container.uagb-is-root-container.alignfull.uagb-block-bc0235cd > .uagb-container-inner-blocks-wrap{--inner-content-custom-width: min( 100%, 1100px);max-width: var(--inner-content-custom-width);width: 100%;flex-direction: column;align-items: center;justify-content: center;flex-wrap: nowrap;row-gap: 0px;column-gap: 0px;}.wp-block-uagb-container.uagb-block-bc0235cd{box-shadow: 0px 0px   #00000070 ;padding-top: 10px;padding-bottom: 10px;padding-left: 10px;padding-right: 10px;margin-top:  !important;margin-bottom:  !important;overflow: visible;order: initial;border-color: inherit;flex-direction: column;align-items: center;justify-content: center;flex-wrap: nowrap;row-gap: 0px;column-gap: 0px;}.uagb-block-2842592c.wp-block-uagb-image--layout-default figure img{box-shadow: 0px 0px 0 #00000070;}.uagb-block-2842592c.wp-block-uagb-image .wp-block-uagb-image__figure figcaption{font-style: normal;align-self: center;}.uagb-block-2842592c.wp-block-uagb-image--layout-overlay figure img{box-shadow: 0px 0px 0 #00000070;}.uagb-block-2842592c.wp-block-uagb-image--layout-overlay .wp-block-uagb-image--layout-overlay__color-wrapper{opacity: 0.2;}.uagb-block-2842592c.wp-block-uagb-image--layout-overlay .wp-block-uagb-image--layout-overlay__inner{left: 15px;right: 15px;top: 15px;bottom: 15px;}.uagb-block-2842592c.wp-block-uagb-image--layout-overlay .wp-block-uagb-image--layout-overlay__inner .uagb-image-heading{font-style: normal;color: #fff;opacity: 1;}.uagb-block-2842592c.wp-block-uagb-image--layout-overlay .wp-block-uagb-image--layout-overlay__inner .uagb-image-heading a{color: #fff;}.uagb-block-2842592c.wp-block-uagb-image--layout-overlay .wp-block-uagb-image--layout-overlay__inner .uagb-image-caption{opacity: 0;}.uagb-block-2842592c.wp-block-uagb-image--layout-overlay .wp-block-uagb-image__figure:hover .wp-block-uagb-image--layout-overlay__color-wrapper{opacity: 1;}.uagb-block-2842592c.wp-block-uagb-image .wp-block-uagb-image--layout-overlay__inner .uagb-image-separator{width: 30%;border-top-width: 2px;border-top-color: #fff;opacity: 0;}.uagb-block-2842592c.wp-block-uagb-image .wp-block-uagb-image__figure img{width: px;height: auto;}.uagb-block-2842592c.wp-block-uagb-image .wp-block-uagb-image__figure:hover .wp-block-uagb-image--layout-overlay__inner .uagb-image-caption{opacity: 1;}.uagb-block-2842592c.wp-block-uagb-image .wp-block-uagb-image__figure:hover .wp-block-uagb-image--layout-overlay__inner .uagb-image-separator{opacity: 1;}.uagb-block-2842592c.wp-block-uagb-image--layout-default figure:hover img{box-shadow: 0px 0px 0 #00000070;}.uagb-block-2842592c.wp-block-uagb-image--layout-overlay figure:hover img{box-shadow: 0px 0px 0 #00000070;}.wp-block-uagb-container.uagb-block-9a836e84 .uagb-container__shape-top svg{width: calc( 100% + 1.3px );}.wp-block-uagb-container.uagb-block-9a836e84 .uagb-container__shape.uagb-container__shape-top .uagb-container__shape-fill{fill: rgba(51,51,51,1);}.wp-block-uagb-container.uagb-block-9a836e84 .uagb-container__shape-bottom svg{width: calc( 100% + 1.3px );}.wp-block-uagb-container.uagb-block-9a836e84 .uagb-container__shape.uagb-container__shape-bottom .uagb-container__shape-fill{fill: rgba(51,51,51,1);}.wp-block-uagb-container.uagb-block-9a836e84 .uagb-container__video-wrap video{opacity: 1;}.wp-block-uagb-container.uagb-is-root-container .uagb-block-9a836e84{max-width: 50%;width: 100%;}.wp-block-uagb-container.uagb-is-root-container.alignfull.uagb-block-9a836e84 > .uagb-container-inner-blocks-wrap{--inner-content-custom-width: min( 100%, 1100px);max-width: var(--inner-content-custom-width);width: 100%;flex-direction: column;align-items: center;justify-content: center;flex-wrap: nowrap;row-gap: 0px;column-gap: 0px;}.wp-block-uagb-container.uagb-block-9a836e84{box-shadow: 0px 0px   #00000070 ;padding-top: 10px;padding-bottom: 10px;padding-left: 10px;padding-right: 10px;margin-top:  !important;margin-bottom:  !important;overflow: visible;order: initial;border-color: inherit;flex-direction: column;align-items: center;justify-content: center;flex-wrap: nowrap;row-gap: 0px;column-gap: 0px;}@media only screen and (max-width: 976px) {.wp-block-uagb-container.uagb-is-root-container .uagb-block-3668587f{width: 100%;}.wp-block-uagb-container.uagb-is-root-container.alignfull.uagb-block-3668587f > .uagb-container-inner-blocks-wrap{--inner-content-custom-width: min( 100%, 1024px);max-width: var(--inner-content-custom-width);width: 100%;}.wp-block-uagb-container.uagb-block-3668587f{padding-top: 0px;padding-bottom: 0px;padding-left: 0px;padding-right: 0px;margin-top:  !important;margin-bottom:  !important;order: initial;}.wp-block-uagb-container.uagb-is-root-container .uagb-block-bc0235cd{width: 100%;}.wp-block-uagb-container.uagb-is-root-container.alignfull.uagb-block-bc0235cd > .uagb-container-inner-blocks-wrap{--inner-content-custom-width: min( 100%, 1024px);max-width: var(--inner-content-custom-width);width: 100%;}.wp-block-uagb-container.uagb-block-bc0235cd{padding-top: 10px;padding-bottom: 10px;padding-left: 10px;padding-right: 10px;margin-top:  !important;margin-bottom:  !important;order: initial;}.uagb-block-2842592c.wp-block-uagb-image .wp-block-uagb-image__figure img{width: px;height: auto;}.wp-block-uagb-container.uagb-is-root-container .uagb-block-9a836e84{width: 100%;}.wp-block-uagb-container.uagb-is-root-container.alignfull.uagb-block-9a836e84 > .uagb-container-inner-blocks-wrap{--inner-content-custom-width: min( 100%, 1024px);max-width: var(--inner-content-custom-width);width: 100%;}.wp-block-uagb-container.uagb-block-9a836e84{padding-top: 10px;padding-bottom: 10px;padding-left: 10px;padding-right: 10px;margin-top:  !important;margin-bottom:  !important;order: initial;}}@media only screen and (max-width: 767px) {.wp-block-uagb-container.uagb-is-root-container .uagb-block-3668587f{max-width: 100%;width: 100%;}.wp-block-uagb-container.uagb-is-root-container.alignfull.uagb-block-3668587f > .uagb-container-inner-blocks-wrap{--inner-content-custom-width: min( 100%, 767px);max-width: var(--inner-content-custom-width);width: 100%;flex-wrap: wrap;}.wp-block-uagb-container.uagb-block-3668587f{padding-top: 0px;padding-bottom: 0px;padding-left: 0px;padding-right: 0px;margin-top:  !important;margin-bottom:  !important;order: initial;}.wp-block-uagb-container.uagb-is-root-container .uagb-block-bc0235cd{max-width: 100%;width: 100%;}.wp-block-uagb-container.uagb-is-root-container.alignfull.uagb-block-bc0235cd > .uagb-container-inner-blocks-wrap{--inner-content-custom-width: min( 100%, 767px);max-width: var(--inner-content-custom-width);width: 100%;flex-wrap: wrap;}.wp-block-uagb-container.uagb-block-bc0235cd{padding-top: 0px;padding-bottom: 20px;padding-left: 20px;padding-right: 20px;margin-top:  !important;margin-bottom:  !important;order: initial;flex-wrap: wrap;}.uagb-block-2842592c.wp-block-uagb-image .wp-block-uagb-image__figure img{width: px;height: auto;}.wp-block-uagb-container.uagb-is-root-container .uagb-block-9a836e84{max-width: 100%;width: 100%;}.wp-block-uagb-container.uagb-is-root-container.alignfull.uagb-block-9a836e84 > .uagb-container-inner-blocks-wrap{--inner-content-custom-width: min( 100%, 767px);max-width: var(--inner-content-custom-width);width: 100%;flex-wrap: wrap;}.wp-block-uagb-container.uagb-block-9a836e84{padding-top: 0px;padding-bottom: 0px;padding-left: 20px;padding-right: 20px;margin-top:  !important;margin-bottom:  !important;order: initial;flex-wrap: wrap;}}\";s:2:\"js\";s:0:\"\";s:18:\"current_block_list\";a:4:{i:0;s:14:\"uagb\/container\";i:2;s:10:\"uagb\/image\";i:4;s:13:\"core\/freeform\";i:5;s:13:\"turitop\/block\";}s:8:\"uag_flag\";b:1;s:11:\"uag_version\";s:10:\"1777590819\";s:6:\"gfonts\";a:1:{s:7:\"Default\";a:2:{s:10:\"fontfamily\";s:7:\"Default\";s:12:\"fontvariants\";a:0:{}}}s:10:\"gfonts_url\";s:77:\"https:\/\/fonts.googleapis.com\/css?family=Default&subset=latin&display=fallback\";s:12:\"gfonts_files\";a:0:{}s:14:\"uag_faq_layout\";b:0;}"]},"uagb_featured_image_src":{"full":["https:\/\/wandern-auf-la-palma.de\/wp-content\/uploads\/tijarafe-el_time-6.webp",1024,768,false],"thumbnail":["https:\/\/wandern-auf-la-palma.de\/wp-content\/uploads\/tijarafe-el_time-6-150x150.webp",150,150,true],"medium":["https:\/\/wandern-auf-la-palma.de\/wp-content\/uploads\/tijarafe-el_time-6-300x225.webp",300,225,true],"medium_large":["https:\/\/wandern-auf-la-palma.de\/wp-content\/uploads\/tijarafe-el_time-6-768x576.webp",768,576,true],"large":["https:\/\/wandern-auf-la-palma.de\/wp-content\/uploads\/tijarafe-el_time-6.webp",1024,768,false],"1536x1536":["https:\/\/wandern-auf-la-palma.de\/wp-content\/uploads\/tijarafe-el_time-6.webp",1024,768,false],"2048x2048":["https:\/\/wandern-auf-la-palma.de\/wp-content\/uploads\/tijarafe-el_time-6.webp",1024,768,false]},"uagb_author_info":{"display_name":"itlapalma","author_link":"https:\/\/wandern-auf-la-palma.de\/de\/author\/itlapalma\/"},"uagb_comment_info":0,"uagb_excerpt":"Wir wandern in einer der sch\u00f6nsten Gegenden La Palmas. Gemeinsam genie\u00dfen wir den spektakul\u00e4ren Ausblick \u00fcber atemberaubende Landschaften und K\u00fcsten. Eine leichte Tour, die sich auch f\u00fcr unge\u00fcbte Wanderer eignet und aufgrund ihrer abwechslungsreichen Landschaftsbilder \u00e4u\u00dferst interessant ist. Von Tijarafe den Camino Real geht es auf alten Wegen \u00fcber den einzigartigen Nashornberg zum Mirador el&hellip;","ase":null,"_links":{"self":[{"href":"https:\/\/wandern-auf-la-palma.de\/de\/wp-json\/wp\/v2\/posts\/2247","targetHints":{"allow":["GET"]}}],"collection":[{"href":"https:\/\/wandern-auf-la-palma.de\/de\/wp-json\/wp\/v2\/posts"}],"about":[{"href":"https:\/\/wandern-auf-la-palma.de\/de\/wp-json\/wp\/v2\/types\/post"}],"author":[{"embeddable":true,"href":"https:\/\/wandern-auf-la-palma.de\/de\/wp-json\/wp\/v2\/users\/2"}],"replies":[{"embeddable":true,"href":"https:\/\/wandern-auf-la-palma.de\/de\/wp-json\/wp\/v2\/comments?post=2247"}],"version-history":[{"count":3,"href":"https:\/\/wandern-auf-la-palma.de\/de\/wp-json\/wp\/v2\/posts\/2247\/revisions"}],"predecessor-version":[{"id":4031,"href":"https:\/\/wandern-auf-la-palma.de\/de\/wp-json\/wp\/v2\/posts\/2247\/revisions\/4031"}],"wp:featuredmedia":[{"embeddable":true,"href":"https:\/\/wandern-auf-la-palma.de\/de\/wp-json\/wp\/v2\/media\/2248"}],"wp:attachment":[{"href":"https:\/\/wandern-auf-la-palma.de\/de\/wp-json\/wp\/v2\/media?parent=2247"}],"wp:term":[{"taxonomy":"category","embeddable":true,"href":"https:\/\/wandern-auf-la-palma.de\/de\/wp-json\/wp\/v2\/categories?post=2247"},{"taxonomy":"post_tag","embeddable":true,"href":"https:\/\/wandern-auf-la-palma.de\/de\/wp-json\/wp\/v2\/tags?post=2247"}],"curies":[{"name":"wp","href":"https:\/\/api.w.org\/{rel}","templated":true}]}}