{"id":2798,"date":"2024-07-02T10:13:24","date_gmt":"2024-07-02T10:13:24","guid":{"rendered":"https:\/\/wandern-auf-la-palma.de\/workshop-shepherds-leap\/"},"modified":"2025-09-18T07:16:39","modified_gmt":"2025-09-18T07:16:39","slug":"salto-del-pastor-en-la-cumbrecita","status":"publish","type":"post","link":"https:\/\/wandern-auf-la-palma.de\/es\/salto-del-pastor-en-la-cumbrecita\/","title":{"rendered":"Taller de Salto del Pastor"},"content":{"rendered":"\n<div class=\"wp-block-uagb-container uagb-block-3668587f alignfull uagb-is-root-container\"><div class=\"uagb-container-inner-blocks-wrap\">\n<div class=\"wp-block-uagb-container uagb-block-bc0235cd\">\n<div class=\"wp-block-uagb-image uagb-block-2842592c wp-block-uagb-image--layout-default wp-block-uagb-image--effect-static wp-block-uagb-image--align-none\"><figure class=\"wp-block-uagb-image__figure\"><img decoding=\"async\" srcset=\"https:\/\/wandern-auf-la-palma.de\/wp-content\/uploads\/1.-Hirtensprung-Workshops-768x1152-1-683x1024.webp ,https:\/\/wandern-auf-la-palma.de\/wp-content\/uploads\/1.-Hirtensprung-Workshops-768x1152-1.webp 780w, https:\/\/wandern-auf-la-palma.de\/wp-content\/uploads\/1.-Hirtensprung-Workshops-768x1152-1.webp 360w\" sizes=\"auto, (max-width: 480px) 150px\" src=\"https:\/\/wandern-auf-la-palma.de\/wp-content\/uploads\/1.-Hirtensprung-Workshops-768x1152-1-683x1024.webp\" alt=\"\" class=\"uag-image-2228\" width=\"768\" height=\"1152\" title=\"1.-Hirtensprung-Workshops-768x1152-1\" loading=\"lazy\" role=\"img\"\/><\/figure><\/div>\n<\/div>\n\n\n\n<div class=\"wp-block-uagb-container uagb-block-9a836e84\">\n<p>Si quieres hacer algo muy especial y sumergirte en la cultura de La Palma, \u00a1puedes venir con nosotros a este tour extraordinario! Nuestro recorrido comienza en el centro de visitantes de la Caldera de Taburiente, donde vemos un cortometraje sobre el parque nacional. Luego subimos a 1287m a la Cumbrecita, donde tenemos una vista maravillosa del cr\u00e1ter de erosi\u00f3n m\u00e1s grande del mundo. Aqu\u00ed arriba nos encontramos con Thomas, quien les introducir\u00e1 a la tradici\u00f3n centenaria del salto del pastor. Con una lanza de m\u00e1s de tres metros de altura, aprender\u00e1s a moverte por el monte lejos de los senderos. Despu\u00e9s de un taller de 1-2 horas, realizamos una caminata corta de aproximadamente una hora, durante la cual puede disfrutar de la belleza de la caldera. De regreso a El Paso, terminamos la impresionante ma\u00f1ana c\u00f3modamente con tapas palmeras en el restaurante Las Piedras. M\u00e1s informaci\u00f3n sobre el salto del pastor El \u201cSalto del Pastor\u201d es una t\u00e9cnica de locomoci\u00f3n propia de Canarias desde la \u00e9poca prehisp\u00e1nica, desarrollada por pastores que ten\u00edan que seguir a sus cabras por profundos desfiladeros y pendientes pronunciadas. Una lanza de 3-4 metros de largo, antes con punta de cuerno, hoy con punta de metal, sirve como ayuda. Para que no se pierda la tradici\u00f3n y porque tambien es muy divertido, hay algunos clubes que entrenan regularmente y salen de gira con la lanza. La tecnolog\u00eda tambi\u00e9n es extremadamente \u00fatil cuando quieres o tienes que salir de los caminos trillados, por ejemplo, cuando luchas contra especies de plantas invasoras. Thom\u00e1s es casi una leyenda en La Palma respecto al salto del pastor y tambi\u00e9n es un gran maestro. Con m\u00e1s de 60 a\u00f1os, se mueve con su lanza tan \u00e1gil como un cabrito por las monta\u00f1as. Lo conoc\u00ed cuando estuve con un grupo de excursionistas en la caldera, y el me dijo en que partes de la caldera ya hab\u00eda estado con su lanza ese d\u00eda. Ahora que est\u00e1 jubilado, se ha ocupado de transmitir la tradici\u00f3n y llevarla a cabo en el mundo.<\/p>\n<p><strong>Nivel de dificultad: bajo (tambi\u00e9n apto para ni\u00f1os a partir de 10 a\u00f1os)<\/strong><\/p>\n\n\n<\/div>\n<\/div><\/div>\n","protected":false},"excerpt":{"rendered":"<p>Si quieres hacer algo muy especial y sumergirte en la cultura de La Palma, \u00a1puedes venir con nosotros a este tour extraordinario! Nuestro recorrido comienza en el centro de visitantes de la Caldera de Taburiente, donde vemos un cortometraje sobre el parque nacional. Luego subimos a 1287m a la Cumbrecita, donde tenemos una vista maravillosa del cr\u00e1ter de erosi\u00f3n m\u00e1s grande del mundo. Aqu\u00ed arriba nos encontramos con Thomas, quien les introducir\u00e1 a la tradici\u00f3n centenaria del salto del pastor. [&hellip;]<\/p>\n","protected":false},"author":2,"featured_media":2230,"comment_status":"closed","ping_status":"closed","sticky":false,"template":"","format":"standard","meta":{"_acf_changed":false,"_uag_custom_page_level_css":"","site-sidebar-layout":"default","site-content-layout":"","ast-site-content-layout":"default","site-content-style":"default","site-sidebar-style":"default","ast-global-header-display":"","ast-banner-title-visibility":"","ast-main-header-display":"","ast-hfb-above-header-display":"","ast-hfb-below-header-display":"","ast-hfb-mobile-header-display":"","site-post-title":"","ast-breadcrumbs-content":"","ast-featured-img":"","footer-sml-layout":"","ast-disable-related-posts":"","theme-transparent-header-meta":"","adv-header-id-meta":"","stick-header-meta":"","header-above-stick-meta":"","header-main-stick-meta":"","header-below-stick-meta":"","astra-migrate-meta-layouts":"set","ast-page-background-enabled":"default","ast-page-background-meta":{"desktop":{"background-color":"var(--ast-global-color-4)","background-image":"","background-repeat":"repeat","background-position":"center center","background-size":"auto","background-attachment":"scroll","background-type":"","background-media":"","overlay-type":"","overlay-color":"","overlay-opacity":"","overlay-gradient":""},"tablet":{"background-color":"","background-image":"","background-repeat":"repeat","background-position":"center center","background-size":"auto","background-attachment":"scroll","background-type":"","background-media":"","overlay-type":"","overlay-color":"","overlay-opacity":"","overlay-gradient":""},"mobile":{"background-color":"","background-image":"","background-repeat":"repeat","background-position":"center center","background-size":"auto","background-attachment":"scroll","background-type":"","background-media":"","overlay-type":"","overlay-color":"","overlay-opacity":"","overlay-gradient":""}},"ast-content-background-meta":{"desktop":{"background-color":"var(--ast-global-color-5)","background-image":"","background-repeat":"repeat","background-position":"center center","background-size":"auto","background-attachment":"scroll","background-type":"","background-media":"","overlay-type":"","overlay-color":"","overlay-opacity":"","overlay-gradient":""},"tablet":{"background-color":"var(--ast-global-color-5)","background-image":"","background-repeat":"repeat","background-position":"center center","background-size":"auto","background-attachment":"scroll","background-type":"","background-media":"","overlay-type":"","overlay-color":"","overlay-opacity":"","overlay-gradient":""},"mobile":{"background-color":"var(--ast-global-color-5)","background-image":"","background-repeat":"repeat","background-position":"center center","background-size":"auto","background-attachment":"scroll","background-type":"","background-media":"","overlay-type":"","overlay-color":"","overlay-opacity":"","overlay-gradient":""}},"footnotes":""},"categories":[92],"tags":[],"class_list":["post-2798","post","type-post","status-publish","format-standard","has-post-thumbnail","hentry","category-uncategorized-en-es"],"acf":[],"yoast_head":"<!-- This site is optimized with the Yoast SEO plugin v27.4 - https:\/\/yoast.com\/product\/yoast-seo-wordpress\/ -->\n<title>Taller de Salto del Pastor - Graja Tours - Gu\u00eda oficial de turismo en Canarias - senderismo en La Palma<\/title>\n<meta name=\"robots\" content=\"index, follow, max-snippet:-1, max-image-preview:large, max-video-preview:-1\" \/>\n<link rel=\"canonical\" href=\"https:\/\/wandern-auf-la-palma.de\/es\/salto-del-pastor-en-la-cumbrecita\/\" \/>\n<meta property=\"og:locale\" content=\"es_ES\" \/>\n<meta property=\"og:type\" content=\"article\" \/>\n<meta property=\"og:title\" content=\"Taller de Salto del Pastor - Graja Tours - Gu\u00eda oficial de turismo en Canarias - senderismo en La Palma\" \/>\n<meta property=\"og:description\" content=\"Si quieres hacer algo muy especial y sumergirte en la cultura de La Palma, \u00a1puedes venir con nosotros a este tour extraordinario! Nuestro recorrido comienza en el centro de visitantes de la Caldera de Taburiente, donde vemos un cortometraje sobre el parque nacional. Luego subimos a 1287m a la Cumbrecita, donde tenemos una vista maravillosa del cr\u00e1ter de erosi\u00f3n m\u00e1s grande del mundo. Aqu\u00ed arriba nos encontramos con Thomas, quien les introducir\u00e1 a la tradici\u00f3n centenaria del salto del pastor. [&hellip;]\" \/>\n<meta property=\"og:url\" content=\"https:\/\/wandern-auf-la-palma.de\/es\/salto-del-pastor-en-la-cumbrecita\/\" \/>\n<meta property=\"og:site_name\" content=\"Graja Tours - Gu\u00eda oficial de turismo en Canarias - senderismo en La Palma\" \/>\n<meta property=\"article:publisher\" content=\"https:\/\/www.facebook.com\/grajatourslapalma\" \/>\n<meta property=\"article:published_time\" content=\"2024-07-02T10:13:24+00:00\" \/>\n<meta property=\"article:modified_time\" content=\"2025-09-18T07:16:39+00:00\" \/>\n<meta property=\"og:image\" content=\"https:\/\/wandern-auf-la-palma.de\/wp-content\/uploads\/1.-Hirtensprung-Workshops-768x1152-1.webp\" \/>\n\t<meta property=\"og:image:width\" content=\"768\" \/>\n\t<meta property=\"og:image:height\" content=\"1152\" \/>\n\t<meta property=\"og:image:type\" content=\"image\/webp\" \/>\n<meta name=\"author\" content=\"itlapalma\" \/>\n<meta name=\"twitter:card\" content=\"summary_large_image\" \/>\n<meta name=\"twitter:label1\" content=\"Escrito por\" \/>\n\t<meta name=\"twitter:data1\" content=\"itlapalma\" \/>\n\t<meta name=\"twitter:label2\" content=\"Tiempo de lectura\" \/>\n\t<meta name=\"twitter:data2\" content=\"2 minutos\" \/>\n<script type=\"application\/ld+json\" class=\"yoast-schema-graph\">{\"@context\":\"https:\\\/\\\/schema.org\",\"@graph\":[{\"@type\":\"Article\",\"@id\":\"https:\\\/\\\/wandern-auf-la-palma.de\\\/es\\\/salto-del-pastor-en-la-cumbrecita\\\/#article\",\"isPartOf\":{\"@id\":\"https:\\\/\\\/wandern-auf-la-palma.de\\\/es\\\/salto-del-pastor-en-la-cumbrecita\\\/\"},\"author\":{\"name\":\"itlapalma\",\"@id\":\"https:\\\/\\\/wandern-auf-la-palma.de\\\/es\\\/#\\\/schema\\\/person\\\/a8dabeb7a25e554bea65a6018b2f497c\"},\"headline\":\"Taller de Salto del Pastor\",\"datePublished\":\"2024-07-02T10:13:24+00:00\",\"dateModified\":\"2025-09-18T07:16:39+00:00\",\"mainEntityOfPage\":{\"@id\":\"https:\\\/\\\/wandern-auf-la-palma.de\\\/es\\\/salto-del-pastor-en-la-cumbrecita\\\/\"},\"wordCount\":384,\"publisher\":{\"@id\":\"https:\\\/\\\/wandern-auf-la-palma.de\\\/es\\\/#organization\"},\"image\":{\"@id\":\"https:\\\/\\\/wandern-auf-la-palma.de\\\/es\\\/salto-del-pastor-en-la-cumbrecita\\\/#primaryimage\"},\"thumbnailUrl\":\"https:\\\/\\\/wandern-auf-la-palma.de\\\/wp-content\\\/uploads\\\/1.-Hirtensprung-Workshops-768x1152-1.webp\",\"articleSection\":[\"Uncategorized\"],\"inLanguage\":\"es\"},{\"@type\":\"WebPage\",\"@id\":\"https:\\\/\\\/wandern-auf-la-palma.de\\\/es\\\/salto-del-pastor-en-la-cumbrecita\\\/\",\"url\":\"https:\\\/\\\/wandern-auf-la-palma.de\\\/es\\\/salto-del-pastor-en-la-cumbrecita\\\/\",\"name\":\"Taller de Salto del Pastor - Graja Tours - Gu\u00eda oficial de turismo en Canarias - senderismo en La Palma\",\"isPartOf\":{\"@id\":\"https:\\\/\\\/wandern-auf-la-palma.de\\\/es\\\/#website\"},\"primaryImageOfPage\":{\"@id\":\"https:\\\/\\\/wandern-auf-la-palma.de\\\/es\\\/salto-del-pastor-en-la-cumbrecita\\\/#primaryimage\"},\"image\":{\"@id\":\"https:\\\/\\\/wandern-auf-la-palma.de\\\/es\\\/salto-del-pastor-en-la-cumbrecita\\\/#primaryimage\"},\"thumbnailUrl\":\"https:\\\/\\\/wandern-auf-la-palma.de\\\/wp-content\\\/uploads\\\/1.-Hirtensprung-Workshops-768x1152-1.webp\",\"datePublished\":\"2024-07-02T10:13:24+00:00\",\"dateModified\":\"2025-09-18T07:16:39+00:00\",\"breadcrumb\":{\"@id\":\"https:\\\/\\\/wandern-auf-la-palma.de\\\/es\\\/salto-del-pastor-en-la-cumbrecita\\\/#breadcrumb\"},\"inLanguage\":\"es\",\"potentialAction\":[{\"@type\":\"ReadAction\",\"target\":[\"https:\\\/\\\/wandern-auf-la-palma.de\\\/es\\\/salto-del-pastor-en-la-cumbrecita\\\/\"]}]},{\"@type\":\"ImageObject\",\"inLanguage\":\"es\",\"@id\":\"https:\\\/\\\/wandern-auf-la-palma.de\\\/es\\\/salto-del-pastor-en-la-cumbrecita\\\/#primaryimage\",\"url\":\"https:\\\/\\\/wandern-auf-la-palma.de\\\/wp-content\\\/uploads\\\/1.-Hirtensprung-Workshops-768x1152-1.webp\",\"contentUrl\":\"https:\\\/\\\/wandern-auf-la-palma.de\\\/wp-content\\\/uploads\\\/1.-Hirtensprung-Workshops-768x1152-1.webp\",\"width\":768,\"height\":1152},{\"@type\":\"BreadcrumbList\",\"@id\":\"https:\\\/\\\/wandern-auf-la-palma.de\\\/es\\\/salto-del-pastor-en-la-cumbrecita\\\/#breadcrumb\",\"itemListElement\":[{\"@type\":\"ListItem\",\"position\":1,\"name\":\"Home\",\"item\":\"https:\\\/\\\/wandern-auf-la-palma.de\\\/es\\\/\"},{\"@type\":\"ListItem\",\"position\":2,\"name\":\"Taller de Salto del Pastor\"}]},{\"@type\":\"WebSite\",\"@id\":\"https:\\\/\\\/wandern-auf-la-palma.de\\\/es\\\/#website\",\"url\":\"https:\\\/\\\/wandern-auf-la-palma.de\\\/es\\\/\",\"name\":\"Graja Tours - La Palma Staatlich zertifizierte Wanderf\u00fchrerin f\u00fcr die Kanarischen Inseln - Aktuelle Wanderwege auf La Palma\",\"description\":\"home\",\"publisher\":{\"@id\":\"https:\\\/\\\/wandern-auf-la-palma.de\\\/es\\\/#organization\"},\"potentialAction\":[{\"@type\":\"SearchAction\",\"target\":{\"@type\":\"EntryPoint\",\"urlTemplate\":\"https:\\\/\\\/wandern-auf-la-palma.de\\\/es\\\/?s={search_term_string}\"},\"query-input\":{\"@type\":\"PropertyValueSpecification\",\"valueRequired\":true,\"valueName\":\"search_term_string\"}}],\"inLanguage\":\"es\"},{\"@type\":\"Organization\",\"@id\":\"https:\\\/\\\/wandern-auf-la-palma.de\\\/es\\\/#organization\",\"name\":\"Graja Tours - La Palma Staatlich zertifizierte Wanderf\u00fchrerin f\u00fcr die Kanarischen Inseln - Aktuelle Wanderwege auf La Palma\",\"url\":\"https:\\\/\\\/wandern-auf-la-palma.de\\\/es\\\/\",\"logo\":{\"@type\":\"ImageObject\",\"inLanguage\":\"es\",\"@id\":\"https:\\\/\\\/wandern-auf-la-palma.de\\\/es\\\/#\\\/schema\\\/logo\\\/image\\\/\",\"url\":\"https:\\\/\\\/wandern-auf-la-palma.de\\\/wp-content\\\/uploads\\\/Logo-GrajaTours2022.webp\",\"contentUrl\":\"https:\\\/\\\/wandern-auf-la-palma.de\\\/wp-content\\\/uploads\\\/Logo-GrajaTours2022.webp\",\"width\":300,\"height\":136,\"caption\":\"Graja Tours - La Palma Staatlich zertifizierte Wanderf\u00fchrerin f\u00fcr die Kanarischen Inseln - Aktuelle Wanderwege auf La Palma\"},\"image\":{\"@id\":\"https:\\\/\\\/wandern-auf-la-palma.de\\\/es\\\/#\\\/schema\\\/logo\\\/image\\\/\"},\"sameAs\":[\"https:\\\/\\\/www.facebook.com\\\/grajatourslapalma\"]},{\"@type\":\"Person\",\"@id\":\"https:\\\/\\\/wandern-auf-la-palma.de\\\/es\\\/#\\\/schema\\\/person\\\/a8dabeb7a25e554bea65a6018b2f497c\",\"name\":\"itlapalma\",\"image\":{\"@type\":\"ImageObject\",\"inLanguage\":\"es\",\"@id\":\"https:\\\/\\\/secure.gravatar.com\\\/avatar\\\/7fe33e0cb47f9a6c11c988180a74fbe8470fb9e0584de17d318bbb1a11c8ca14?s=96&d=mm&r=g\",\"url\":\"https:\\\/\\\/secure.gravatar.com\\\/avatar\\\/7fe33e0cb47f9a6c11c988180a74fbe8470fb9e0584de17d318bbb1a11c8ca14?s=96&d=mm&r=g\",\"contentUrl\":\"https:\\\/\\\/secure.gravatar.com\\\/avatar\\\/7fe33e0cb47f9a6c11c988180a74fbe8470fb9e0584de17d318bbb1a11c8ca14?s=96&d=mm&r=g\",\"caption\":\"itlapalma\"},\"sameAs\":[\"http:\\\/\\\/www.itlapalma.com\"]}]}<\/script>\n<!-- \/ Yoast SEO plugin. -->","yoast_head_json":{"title":"Taller de Salto del Pastor - Graja Tours - Gu\u00eda oficial de turismo en Canarias - senderismo en La Palma","robots":{"index":"index","follow":"follow","max-snippet":"max-snippet:-1","max-image-preview":"max-image-preview:large","max-video-preview":"max-video-preview:-1"},"canonical":"https:\/\/wandern-auf-la-palma.de\/es\/salto-del-pastor-en-la-cumbrecita\/","og_locale":"es_ES","og_type":"article","og_title":"Taller de Salto del Pastor - Graja Tours - Gu\u00eda oficial de turismo en Canarias - senderismo en La Palma","og_description":"Si quieres hacer algo muy especial y sumergirte en la cultura de La Palma, \u00a1puedes venir con nosotros a este tour extraordinario! Nuestro recorrido comienza en el centro de visitantes de la Caldera de Taburiente, donde vemos un cortometraje sobre el parque nacional. Luego subimos a 1287m a la Cumbrecita, donde tenemos una vista maravillosa del cr\u00e1ter de erosi\u00f3n m\u00e1s grande del mundo. Aqu\u00ed arriba nos encontramos con Thomas, quien les introducir\u00e1 a la tradici\u00f3n centenaria del salto del pastor. [&hellip;]","og_url":"https:\/\/wandern-auf-la-palma.de\/es\/salto-del-pastor-en-la-cumbrecita\/","og_site_name":"Graja Tours - Gu\u00eda oficial de turismo en Canarias - senderismo en La Palma","article_publisher":"https:\/\/www.facebook.com\/grajatourslapalma","article_published_time":"2024-07-02T10:13:24+00:00","article_modified_time":"2025-09-18T07:16:39+00:00","og_image":[{"width":768,"height":1152,"url":"https:\/\/wandern-auf-la-palma.de\/wp-content\/uploads\/1.-Hirtensprung-Workshops-768x1152-1.webp","type":"image\/webp"}],"author":"itlapalma","twitter_card":"summary_large_image","twitter_misc":{"Escrito por":"itlapalma","Tiempo de lectura":"2 minutos"},"schema":{"@context":"https:\/\/schema.org","@graph":[{"@type":"Article","@id":"https:\/\/wandern-auf-la-palma.de\/es\/salto-del-pastor-en-la-cumbrecita\/#article","isPartOf":{"@id":"https:\/\/wandern-auf-la-palma.de\/es\/salto-del-pastor-en-la-cumbrecita\/"},"author":{"name":"itlapalma","@id":"https:\/\/wandern-auf-la-palma.de\/es\/#\/schema\/person\/a8dabeb7a25e554bea65a6018b2f497c"},"headline":"Taller de Salto del Pastor","datePublished":"2024-07-02T10:13:24+00:00","dateModified":"2025-09-18T07:16:39+00:00","mainEntityOfPage":{"@id":"https:\/\/wandern-auf-la-palma.de\/es\/salto-del-pastor-en-la-cumbrecita\/"},"wordCount":384,"publisher":{"@id":"https:\/\/wandern-auf-la-palma.de\/es\/#organization"},"image":{"@id":"https:\/\/wandern-auf-la-palma.de\/es\/salto-del-pastor-en-la-cumbrecita\/#primaryimage"},"thumbnailUrl":"https:\/\/wandern-auf-la-palma.de\/wp-content\/uploads\/1.-Hirtensprung-Workshops-768x1152-1.webp","articleSection":["Uncategorized"],"inLanguage":"es"},{"@type":"WebPage","@id":"https:\/\/wandern-auf-la-palma.de\/es\/salto-del-pastor-en-la-cumbrecita\/","url":"https:\/\/wandern-auf-la-palma.de\/es\/salto-del-pastor-en-la-cumbrecita\/","name":"Taller de Salto del Pastor - Graja Tours - Gu\u00eda oficial de turismo en Canarias - senderismo en La Palma","isPartOf":{"@id":"https:\/\/wandern-auf-la-palma.de\/es\/#website"},"primaryImageOfPage":{"@id":"https:\/\/wandern-auf-la-palma.de\/es\/salto-del-pastor-en-la-cumbrecita\/#primaryimage"},"image":{"@id":"https:\/\/wandern-auf-la-palma.de\/es\/salto-del-pastor-en-la-cumbrecita\/#primaryimage"},"thumbnailUrl":"https:\/\/wandern-auf-la-palma.de\/wp-content\/uploads\/1.-Hirtensprung-Workshops-768x1152-1.webp","datePublished":"2024-07-02T10:13:24+00:00","dateModified":"2025-09-18T07:16:39+00:00","breadcrumb":{"@id":"https:\/\/wandern-auf-la-palma.de\/es\/salto-del-pastor-en-la-cumbrecita\/#breadcrumb"},"inLanguage":"es","potentialAction":[{"@type":"ReadAction","target":["https:\/\/wandern-auf-la-palma.de\/es\/salto-del-pastor-en-la-cumbrecita\/"]}]},{"@type":"ImageObject","inLanguage":"es","@id":"https:\/\/wandern-auf-la-palma.de\/es\/salto-del-pastor-en-la-cumbrecita\/#primaryimage","url":"https:\/\/wandern-auf-la-palma.de\/wp-content\/uploads\/1.-Hirtensprung-Workshops-768x1152-1.webp","contentUrl":"https:\/\/wandern-auf-la-palma.de\/wp-content\/uploads\/1.-Hirtensprung-Workshops-768x1152-1.webp","width":768,"height":1152},{"@type":"BreadcrumbList","@id":"https:\/\/wandern-auf-la-palma.de\/es\/salto-del-pastor-en-la-cumbrecita\/#breadcrumb","itemListElement":[{"@type":"ListItem","position":1,"name":"Home","item":"https:\/\/wandern-auf-la-palma.de\/es\/"},{"@type":"ListItem","position":2,"name":"Taller de Salto del Pastor"}]},{"@type":"WebSite","@id":"https:\/\/wandern-auf-la-palma.de\/es\/#website","url":"https:\/\/wandern-auf-la-palma.de\/es\/","name":"Graja Tours - La Palma Staatlich zertifizierte Wanderf\u00fchrerin f\u00fcr die Kanarischen Inseln - Aktuelle Wanderwege auf La Palma","description":"home","publisher":{"@id":"https:\/\/wandern-auf-la-palma.de\/es\/#organization"},"potentialAction":[{"@type":"SearchAction","target":{"@type":"EntryPoint","urlTemplate":"https:\/\/wandern-auf-la-palma.de\/es\/?s={search_term_string}"},"query-input":{"@type":"PropertyValueSpecification","valueRequired":true,"valueName":"search_term_string"}}],"inLanguage":"es"},{"@type":"Organization","@id":"https:\/\/wandern-auf-la-palma.de\/es\/#organization","name":"Graja Tours - La Palma Staatlich zertifizierte Wanderf\u00fchrerin f\u00fcr die Kanarischen Inseln - Aktuelle Wanderwege auf La Palma","url":"https:\/\/wandern-auf-la-palma.de\/es\/","logo":{"@type":"ImageObject","inLanguage":"es","@id":"https:\/\/wandern-auf-la-palma.de\/es\/#\/schema\/logo\/image\/","url":"https:\/\/wandern-auf-la-palma.de\/wp-content\/uploads\/Logo-GrajaTours2022.webp","contentUrl":"https:\/\/wandern-auf-la-palma.de\/wp-content\/uploads\/Logo-GrajaTours2022.webp","width":300,"height":136,"caption":"Graja Tours - La Palma Staatlich zertifizierte Wanderf\u00fchrerin f\u00fcr die Kanarischen Inseln - Aktuelle Wanderwege auf La Palma"},"image":{"@id":"https:\/\/wandern-auf-la-palma.de\/es\/#\/schema\/logo\/image\/"},"sameAs":["https:\/\/www.facebook.com\/grajatourslapalma"]},{"@type":"Person","@id":"https:\/\/wandern-auf-la-palma.de\/es\/#\/schema\/person\/a8dabeb7a25e554bea65a6018b2f497c","name":"itlapalma","image":{"@type":"ImageObject","inLanguage":"es","@id":"https:\/\/secure.gravatar.com\/avatar\/7fe33e0cb47f9a6c11c988180a74fbe8470fb9e0584de17d318bbb1a11c8ca14?s=96&d=mm&r=g","url":"https:\/\/secure.gravatar.com\/avatar\/7fe33e0cb47f9a6c11c988180a74fbe8470fb9e0584de17d318bbb1a11c8ca14?s=96&d=mm&r=g","contentUrl":"https:\/\/secure.gravatar.com\/avatar\/7fe33e0cb47f9a6c11c988180a74fbe8470fb9e0584de17d318bbb1a11c8ca14?s=96&d=mm&r=g","caption":"itlapalma"},"sameAs":["http:\/\/www.itlapalma.com"]}]}},"spectra_custom_meta":{"_encloseme":["1"],"_wpml_word_count":["350"],"_uag_custom_page_level_css":[""],"ast-site-content-layout":["default"],"site-post-title":[""],"theme-transparent-header-meta":[""],"adv-header-id-meta":[""],"stick-header-meta":[""],"footnotes":[""],"_wpml_media_duplicate":["1"],"_wpml_media_featured":["1"],"_yoast_wpseo_estimated-reading-time-minutes":["2"],"_yoast_wpseo_wordproof_timestamp":[""],"_wpml_location_migration_done":["1"],"ast-above-header-display":[""],"ast-below-header-display":[""],"footer-adv-display":[""],"_yoast_wpseo_content_score":["30"],"_last_translation_edit_mode":["native-editor"],"_thumbnail_id":["2230"],"_edit_lock":["1758179801:2"],"_wp_old_slug":["workshop-shepherds-leap"],"astra-migrate-meta-layouts":["set"],"_edit_last":["2"],"_yoast_wpseo_primary_category":[""],"wp_statistics_words_count":["351"],"_uag_page_assets":["a:9:{s:3:\"css\";s:9472:\".wp-block-uagb-container.uagb-block-3668587f .uagb-container__shape-top svg{width: calc( 100% + 1.3px );}.wp-block-uagb-container.uagb-block-3668587f .uagb-container__shape.uagb-container__shape-top .uagb-container__shape-fill{fill: rgba(51,51,51,1);}.wp-block-uagb-container.uagb-block-3668587f .uagb-container__shape-bottom svg{width: calc( 100% + 1.3px );}.wp-block-uagb-container.uagb-block-3668587f .uagb-container__shape.uagb-container__shape-bottom .uagb-container__shape-fill{fill: rgba(51,51,51,1);}.wp-block-uagb-container.uagb-block-3668587f .uagb-container__video-wrap video{opacity: 1;}.wp-block-uagb-container.uagb-is-root-container .uagb-block-3668587f{max-width: 100%;width: 100%;}.wp-block-uagb-container.uagb-is-root-container.alignfull.uagb-block-3668587f > .uagb-container-inner-blocks-wrap{--inner-content-custom-width: min( 100%, 1100px);max-width: var(--inner-content-custom-width);width: 100%;flex-direction: row;align-items: flex-start;justify-content: flex-start;flex-wrap: nowrap;row-gap: 0px;column-gap: 0px;}.wp-block-uagb-container.uagb-block-3668587f{box-shadow: 0px 0px   #00000070 ;padding-top: 0px;padding-bottom: 0px;padding-left: 0px;padding-right: 0px;margin-top:  !important;margin-bottom:  !important;overflow: visible;order: initial;border-color: inherit;row-gap: 0px;column-gap: 0px;}.wp-block-uagb-container.uagb-block-bc0235cd .uagb-container__shape-top svg{width: calc( 100% + 1.3px );}.wp-block-uagb-container.uagb-block-bc0235cd .uagb-container__shape.uagb-container__shape-top .uagb-container__shape-fill{fill: rgba(51,51,51,1);}.wp-block-uagb-container.uagb-block-bc0235cd .uagb-container__shape-bottom svg{width: calc( 100% + 1.3px );}.wp-block-uagb-container.uagb-block-bc0235cd .uagb-container__shape.uagb-container__shape-bottom .uagb-container__shape-fill{fill: rgba(51,51,51,1);}.wp-block-uagb-container.uagb-block-bc0235cd .uagb-container__video-wrap video{opacity: 1;}.wp-block-uagb-container.uagb-is-root-container .uagb-block-bc0235cd{max-width: 50%;width: 100%;}.wp-block-uagb-container.uagb-is-root-container.alignfull.uagb-block-bc0235cd > .uagb-container-inner-blocks-wrap{--inner-content-custom-width: min( 100%, 1100px);max-width: var(--inner-content-custom-width);width: 100%;flex-direction: column;align-items: center;justify-content: center;flex-wrap: nowrap;row-gap: 0px;column-gap: 0px;}.wp-block-uagb-container.uagb-block-bc0235cd{box-shadow: 0px 0px   #00000070 ;padding-top: 10px;padding-bottom: 10px;padding-left: 10px;padding-right: 10px;margin-top:  !important;margin-bottom:  !important;overflow: visible;order: initial;border-color: inherit;flex-direction: column;align-items: center;justify-content: center;flex-wrap: nowrap;row-gap: 0px;column-gap: 0px;}.uagb-block-2842592c.wp-block-uagb-image--layout-default figure img{box-shadow: 0px 0px 0 #00000070;}.uagb-block-2842592c.wp-block-uagb-image .wp-block-uagb-image__figure figcaption{font-style: normal;align-self: center;}.uagb-block-2842592c.wp-block-uagb-image--layout-overlay figure img{box-shadow: 0px 0px 0 #00000070;}.uagb-block-2842592c.wp-block-uagb-image--layout-overlay .wp-block-uagb-image--layout-overlay__color-wrapper{opacity: 0.2;}.uagb-block-2842592c.wp-block-uagb-image--layout-overlay .wp-block-uagb-image--layout-overlay__inner{left: 15px;right: 15px;top: 15px;bottom: 15px;}.uagb-block-2842592c.wp-block-uagb-image--layout-overlay .wp-block-uagb-image--layout-overlay__inner .uagb-image-heading{font-style: normal;color: #fff;opacity: 1;}.uagb-block-2842592c.wp-block-uagb-image--layout-overlay .wp-block-uagb-image--layout-overlay__inner .uagb-image-heading a{color: #fff;}.uagb-block-2842592c.wp-block-uagb-image--layout-overlay .wp-block-uagb-image--layout-overlay__inner .uagb-image-caption{opacity: 0;}.uagb-block-2842592c.wp-block-uagb-image--layout-overlay .wp-block-uagb-image__figure:hover .wp-block-uagb-image--layout-overlay__color-wrapper{opacity: 1;}.uagb-block-2842592c.wp-block-uagb-image .wp-block-uagb-image--layout-overlay__inner .uagb-image-separator{width: 30%;border-top-width: 2px;border-top-color: #fff;opacity: 0;}.uagb-block-2842592c.wp-block-uagb-image .wp-block-uagb-image__figure img{width: px;height: auto;}.uagb-block-2842592c.wp-block-uagb-image .wp-block-uagb-image__figure:hover .wp-block-uagb-image--layout-overlay__inner .uagb-image-caption{opacity: 1;}.uagb-block-2842592c.wp-block-uagb-image .wp-block-uagb-image__figure:hover .wp-block-uagb-image--layout-overlay__inner .uagb-image-separator{opacity: 1;}.uagb-block-2842592c.wp-block-uagb-image--layout-default figure:hover img{box-shadow: 0px 0px 0 #00000070;}.uagb-block-2842592c.wp-block-uagb-image--layout-overlay figure:hover img{box-shadow: 0px 0px 0 #00000070;}.wp-block-uagb-container.uagb-block-9a836e84 .uagb-container__shape-top svg{width: calc( 100% + 1.3px );}.wp-block-uagb-container.uagb-block-9a836e84 .uagb-container__shape.uagb-container__shape-top .uagb-container__shape-fill{fill: rgba(51,51,51,1);}.wp-block-uagb-container.uagb-block-9a836e84 .uagb-container__shape-bottom svg{width: calc( 100% + 1.3px );}.wp-block-uagb-container.uagb-block-9a836e84 .uagb-container__shape.uagb-container__shape-bottom .uagb-container__shape-fill{fill: rgba(51,51,51,1);}.wp-block-uagb-container.uagb-block-9a836e84 .uagb-container__video-wrap video{opacity: 1;}.wp-block-uagb-container.uagb-is-root-container .uagb-block-9a836e84{max-width: 50%;width: 100%;}.wp-block-uagb-container.uagb-is-root-container.alignfull.uagb-block-9a836e84 > .uagb-container-inner-blocks-wrap{--inner-content-custom-width: min( 100%, 1100px);max-width: var(--inner-content-custom-width);width: 100%;flex-direction: column;align-items: center;justify-content: center;flex-wrap: nowrap;row-gap: 0px;column-gap: 0px;}.wp-block-uagb-container.uagb-block-9a836e84{box-shadow: 0px 0px   #00000070 ;padding-top: 10px;padding-bottom: 10px;padding-left: 10px;padding-right: 10px;margin-top:  !important;margin-bottom:  !important;overflow: visible;order: initial;border-color: inherit;flex-direction: column;align-items: center;justify-content: center;flex-wrap: nowrap;row-gap: 0px;column-gap: 0px;}@media only screen and (max-width: 976px) {.wp-block-uagb-container.uagb-is-root-container .uagb-block-3668587f{width: 100%;}.wp-block-uagb-container.uagb-is-root-container.alignfull.uagb-block-3668587f > .uagb-container-inner-blocks-wrap{--inner-content-custom-width: min( 100%, 1024px);max-width: var(--inner-content-custom-width);width: 100%;}.wp-block-uagb-container.uagb-block-3668587f{padding-top: 0px;padding-bottom: 0px;padding-left: 0px;padding-right: 0px;margin-top:  !important;margin-bottom:  !important;order: initial;}.wp-block-uagb-container.uagb-is-root-container .uagb-block-bc0235cd{width: 100%;}.wp-block-uagb-container.uagb-is-root-container.alignfull.uagb-block-bc0235cd > .uagb-container-inner-blocks-wrap{--inner-content-custom-width: min( 100%, 1024px);max-width: var(--inner-content-custom-width);width: 100%;}.wp-block-uagb-container.uagb-block-bc0235cd{padding-top: 10px;padding-bottom: 10px;padding-left: 10px;padding-right: 10px;margin-top:  !important;margin-bottom:  !important;order: initial;}.uagb-block-2842592c.wp-block-uagb-image .wp-block-uagb-image__figure img{width: px;height: auto;}.wp-block-uagb-container.uagb-is-root-container .uagb-block-9a836e84{width: 100%;}.wp-block-uagb-container.uagb-is-root-container.alignfull.uagb-block-9a836e84 > .uagb-container-inner-blocks-wrap{--inner-content-custom-width: min( 100%, 1024px);max-width: var(--inner-content-custom-width);width: 100%;}.wp-block-uagb-container.uagb-block-9a836e84{padding-top: 10px;padding-bottom: 10px;padding-left: 10px;padding-right: 10px;margin-top:  !important;margin-bottom:  !important;order: initial;}}@media only screen and (max-width: 767px) {.wp-block-uagb-container.uagb-is-root-container .uagb-block-3668587f{max-width: 100%;width: 100%;}.wp-block-uagb-container.uagb-is-root-container.alignfull.uagb-block-3668587f > .uagb-container-inner-blocks-wrap{--inner-content-custom-width: min( 100%, 767px);max-width: var(--inner-content-custom-width);width: 100%;flex-wrap: wrap;}.wp-block-uagb-container.uagb-block-3668587f{padding-top: 0px;padding-bottom: 0px;padding-left: 0px;padding-right: 0px;margin-top:  !important;margin-bottom:  !important;order: initial;}.wp-block-uagb-container.uagb-is-root-container .uagb-block-bc0235cd{max-width: 100%;width: 100%;}.wp-block-uagb-container.uagb-is-root-container.alignfull.uagb-block-bc0235cd > .uagb-container-inner-blocks-wrap{--inner-content-custom-width: min( 100%, 767px);max-width: var(--inner-content-custom-width);width: 100%;flex-wrap: wrap;}.wp-block-uagb-container.uagb-block-bc0235cd{padding-top: 0px;padding-bottom: 20px;padding-left: 20px;padding-right: 20px;margin-top:  !important;margin-bottom:  !important;order: initial;flex-wrap: wrap;}.uagb-block-2842592c.wp-block-uagb-image .wp-block-uagb-image__figure img{width: px;height: auto;}.wp-block-uagb-container.uagb-is-root-container .uagb-block-9a836e84{max-width: 100%;width: 100%;}.wp-block-uagb-container.uagb-is-root-container.alignfull.uagb-block-9a836e84 > .uagb-container-inner-blocks-wrap{--inner-content-custom-width: min( 100%, 767px);max-width: var(--inner-content-custom-width);width: 100%;flex-wrap: wrap;}.wp-block-uagb-container.uagb-block-9a836e84{padding-top: 0px;padding-bottom: 0px;padding-left: 20px;padding-right: 20px;margin-top:  !important;margin-bottom:  !important;order: initial;flex-wrap: wrap;}}\";s:2:\"js\";s:0:\"\";s:18:\"current_block_list\";a:4:{i:0;s:14:\"uagb\/container\";i:2;s:10:\"uagb\/image\";i:4;s:13:\"core\/freeform\";i:5;s:13:\"turitop\/block\";}s:8:\"uag_flag\";b:1;s:11:\"uag_version\";s:10:\"1777489253\";s:6:\"gfonts\";a:1:{s:7:\"Default\";a:2:{s:10:\"fontfamily\";s:7:\"Default\";s:12:\"fontvariants\";a:0:{}}}s:10:\"gfonts_url\";s:77:\"https:\/\/fonts.googleapis.com\/css?family=Default&subset=latin&display=fallback\";s:12:\"gfonts_files\";a:0:{}s:14:\"uag_faq_layout\";b:0;}"]},"uagb_featured_image_src":{"full":["https:\/\/wandern-auf-la-palma.de\/wp-content\/uploads\/1.-Hirtensprung-Workshops-768x1152-1.webp",768,1152,false],"thumbnail":["https:\/\/wandern-auf-la-palma.de\/wp-content\/uploads\/1.-Hirtensprung-Workshops-768x1152-1-150x150.webp",150,150,true],"medium":["https:\/\/wandern-auf-la-palma.de\/wp-content\/uploads\/1.-Hirtensprung-Workshops-768x1152-1-200x300.webp",200,300,true],"medium_large":["https:\/\/wandern-auf-la-palma.de\/wp-content\/uploads\/1.-Hirtensprung-Workshops-768x1152-1.webp",768,1152,false],"large":["https:\/\/wandern-auf-la-palma.de\/wp-content\/uploads\/1.-Hirtensprung-Workshops-768x1152-1-683x1024.webp",683,1024,true],"1536x1536":["https:\/\/wandern-auf-la-palma.de\/wp-content\/uploads\/1.-Hirtensprung-Workshops-768x1152-1.webp",768,1152,false],"2048x2048":["https:\/\/wandern-auf-la-palma.de\/wp-content\/uploads\/1.-Hirtensprung-Workshops-768x1152-1.webp",768,1152,false]},"uagb_author_info":{"display_name":"itlapalma","author_link":"https:\/\/wandern-auf-la-palma.de\/es\/author\/itlapalma\/"},"uagb_comment_info":0,"uagb_excerpt":"Si quieres hacer algo muy especial y sumergirte en la cultura de La Palma, \u00a1puedes venir con nosotros a este tour extraordinario! Nuestro recorrido comienza en el centro de visitantes de la Caldera de Taburiente, donde vemos un cortometraje sobre el parque nacional. Luego subimos a 1287m a la Cumbrecita, donde tenemos una vista maravillosa&hellip;","ase":null,"_links":{"self":[{"href":"https:\/\/wandern-auf-la-palma.de\/es\/wp-json\/wp\/v2\/posts\/2798","targetHints":{"allow":["GET"]}}],"collection":[{"href":"https:\/\/wandern-auf-la-palma.de\/es\/wp-json\/wp\/v2\/posts"}],"about":[{"href":"https:\/\/wandern-auf-la-palma.de\/es\/wp-json\/wp\/v2\/types\/post"}],"author":[{"embeddable":true,"href":"https:\/\/wandern-auf-la-palma.de\/es\/wp-json\/wp\/v2\/users\/2"}],"replies":[{"embeddable":true,"href":"https:\/\/wandern-auf-la-palma.de\/es\/wp-json\/wp\/v2\/comments?post=2798"}],"version-history":[{"count":1,"href":"https:\/\/wandern-auf-la-palma.de\/es\/wp-json\/wp\/v2\/posts\/2798\/revisions"}],"predecessor-version":[{"id":3959,"href":"https:\/\/wandern-auf-la-palma.de\/es\/wp-json\/wp\/v2\/posts\/2798\/revisions\/3959"}],"wp:featuredmedia":[{"embeddable":true,"href":"https:\/\/wandern-auf-la-palma.de\/es\/wp-json\/wp\/v2\/media\/2230"}],"wp:attachment":[{"href":"https:\/\/wandern-auf-la-palma.de\/es\/wp-json\/wp\/v2\/media?parent=2798"}],"wp:term":[{"taxonomy":"category","embeddable":true,"href":"https:\/\/wandern-auf-la-palma.de\/es\/wp-json\/wp\/v2\/categories?post=2798"},{"taxonomy":"post_tag","embeddable":true,"href":"https:\/\/wandern-auf-la-palma.de\/es\/wp-json\/wp\/v2\/tags?post=2798"}],"curies":[{"name":"wp","href":"https:\/\/api.w.org\/{rel}","templated":true}]}}